{"id":44,"date":"2025-02-05T11:24:17","date_gmt":"2025-02-05T10:24:17","guid":{"rendered":"https:\/\/changer-energie.fr\/infos-energie\/?p=44"},"modified":"2025-02-17T12:04:02","modified_gmt":"2025-02-17T11:04:02","slug":"baisse-des-tarifs-reglementes-de-lelectricite-en-fevrier-2025-comment-en-profiter-et-pourquoi-comparer-les-offres","status":"publish","type":"post","link":"https:\/\/changer-energie.fr\/infos-energie\/baisse-des-tarifs-reglementes-de-lelectricite-en-fevrier-2025-comment-en-profiter-et-pourquoi-comparer-les-offres\/","title":{"rendered":"Baisse des tarifs r\u00e9glement\u00e9s de l\u2019\u00e9lectricit\u00e9 en f\u00e9vrier 2025 : comment en profiter et pourquoi comparer les offres ?"},"content":{"rendered":"\n<p>Le 1er f\u00e9vrier 2025 marque une \u00e9tape importante pour les consommateurs d\u2019\u00e9lectricit\u00e9 en France : une baisse moyenne de 15% des tarifs r\u00e9glement\u00e9s de vente d\u2019\u00e9lectricit\u00e9 (TRVE) TTC. Mais concr\u00e8tement, quel impact cette diminution aura-t-elle sur votre facture, et pourquoi est-il essentiel de comparer les offres d\u2019\u00e9lectricit\u00e9 ? Faison le point!<\/p>\n\n\n\n<h2 class=\"wp-block-heading\">Pourquoi une baisse des tarifs r\u00e9glement\u00e9s en 2025 ?<\/h2>\n\n\n\n<p>La baisse moyenne de 15% des TRVE est une excellente nouvelle pour les foyers fran\u00e7ais. Cette diminution r\u00e9sulte de plusieurs facteurs cl\u00e9s :<\/p>\n\n\n\n<ul class=\"wp-block-list\">\n<li><strong>Baisse du prix de l\u2019\u00e9lectricit\u00e9 sur les march\u00e9s de gros<\/strong> : Une d\u00e9crue des prix de l\u2019\u00e9nergie apr\u00e8s les tensions de 2022 et 2023 permet enfin un all\u00e8gement des co\u00fbts pour les consommateurs.<\/li>\n\n\n\n<li><strong>Hausse du tarif d\u2019utilisation des r\u00e9seaux publics d\u2019\u00e9lectricit\u00e9 (TURPE)<\/strong> : Cette augmentation de 7,7% sera appliqu\u00e9e exceptionnellement au 1er f\u00e9vrier 2025, mais reste compens\u00e9e par la baisse globale des prix.<\/li>\n\n\n\n<li><strong>Retour de l\u2019accise \u00e0 son niveau d\u2019avant-crise<\/strong> : Anciennement connue sous les noms de TICFE et CSPE, cette taxe revient \u00e0 son niveau habituel suite \u00e0 l\u2019arr\u00eat\u00e9 du 20 d\u00e9cembre 2024.<\/li>\n<\/ul>\n\n\n\n<p>Il est important de noter que cette baisse est une moyenne et que son impact variera en fonction de l\u2019option tarifaire, de la puissance du contrat et du niveau de consommation.<\/p>\n\n\n\n<h2 class=\"wp-block-heading\">Quel impact sur votre contrat d\u2019\u00e9lectricit\u00e9 ?<\/h2>\n\n\n\n<h4 class=\"wp-block-heading\">Si vous \u00eates au tarif r\u00e9glement\u00e9<\/h4>\n\n\n\n<p>Bonne nouvelle : si vous avez souscrit un contrat d\u2019\u00e9lectricit\u00e9 au tarif r\u00e9glement\u00e9, la baisse annonc\u00e9e sera directement r\u00e9percut\u00e9e sur votre facture \u00e0 compter du 1er f\u00e9vrier 2025. Cependant, certains points m\u00e9ritent votre attention :<\/p>\n\n\n\n<ul class=\"wp-block-list\">\n<li><strong>Augmentation de l\u2019abonnement<\/strong> : Bien que le prix du kWh diminue, le co\u00fbt fixe de l\u2019abonnement conna\u00eetra une hausse sensible.<\/li>\n\n\n\n<li><strong>Baisse diff\u00e9renci\u00e9e selon les options tarifaires<\/strong> : Par exemple, pour les consommateurs ayant un contrat en option TEMPO, la baisse moyenne TTC est limit\u00e9e \u00e0 2%.<\/li>\n<\/ul>\n\n\n\n<h4 class=\"wp-block-heading\">Si vous \u00eates en offre de march\u00e9<\/h4>\n\n\n\n<p>Deux situations se pr\u00e9sentent :<\/p>\n\n\n\n<ol start=\"1\" class=\"wp-block-list\">\n<li><strong>Contrat index\u00e9 sur le tarif r\u00e9glement\u00e9<\/strong> : La baisse de 15% s&rsquo;appliquera \u00e9galement \u00e0 votre facture.<\/li>\n\n\n\n<li><strong>Contrat non index\u00e9<\/strong> : Vous avez d\u00e9j\u00e0 pu profiter d\u2019une baisse des prix de march\u00e9 ces derniers mois. Cependant, attention \u00e0 la hausse du TURPE et des taxes qui pourrait compenser cette baisse.<\/li>\n<\/ol>\n\n\n\n<h2 class=\"wp-block-heading\">Pourquoi comparer les offres d\u2019\u00e9lectricit\u00e9 ?<\/h2>\n\n\n\n<p>D\u00e8s le 1er f\u00e9vrier 2025, les fournisseurs d\u2019\u00e9lectricit\u00e9 vont ajuster leurs grilles tarifaires. C\u2019est donc le moment id\u00e9al pour <a href=\"https:\/\/changer-energie.fr\/comparateur\" data-type=\"page\" data-id=\"2\">comparer les offres<\/a> et optimiser votre budget \u00e9nergie !<\/p>\n\n\n\n<h4 class=\"wp-block-heading\">Les avantages de la comparaison<\/h4>\n\n\n\n<ul class=\"wp-block-list\">\n<li><strong>Des \u00e9conomies imm\u00e9diates<\/strong> : En choisissant une offre plus comp\u00e9titive, vous r\u00e9duisez le montant de votre facture mensuelle.<\/li>\n\n\n\n<li><strong>Des services adapt\u00e9s \u00e0 vos besoins<\/strong> : Certains fournisseurs proposent des options innovantes (suivi conso en temps r\u00e9el, \u00e9lectricit\u00e9 verte, etc.).<\/li>\n\n\n\n<li><strong>Une meilleure qualit\u00e9 de service<\/strong> : Outre le prix, la r\u00e9activit\u00e9 du service client est un crit\u00e8re important.<\/li>\n<\/ul>\n\n\n\n<h2 class=\"wp-block-heading\">Nos conseils pour maximiser vos \u00e9conomies<\/h2>\n\n\n\n<ol start=\"1\" class=\"wp-block-list\">\n<li><strong>Faites un bilan de votre consommation<\/strong> : Conna\u00eetre vos habitudes de consommation (heures pleines\/heures creuses, saisonnalit\u00e9) est indispensable pour choisir l\u2019offre la plus adapt\u00e9e.<\/li>\n\n\n\n<li><strong>Soyez attentif aux \u00e9volutions du TURPE et des taxes<\/strong> : Ces composantes p\u00e8sent lourd sur la facture finale et doivent \u00eatre surveill\u00e9es.<\/li>\n\n\n\n<li><strong>N\u2019h\u00e9sitez pas \u00e0 changer de fournisseur<\/strong> : La proc\u00e9dure est simple, gratuite et sans coupure d\u2019\u00e9lectricit\u00e9.<\/li>\n<\/ol>\n\n\n\n<hr class=\"wp-block-separator has-alpha-channel-opacity\"\/>\n\n\n\n<p>En conclusion, la baisse de 15% des tarifs r\u00e9glement\u00e9s de vente d\u2019\u00e9lectricit\u00e9 en f\u00e9vrier 2025 est une opportunit\u00e9 en or pour les consommateurs fran\u00e7ais de r\u00e9aliser des \u00e9conomies significatives sur leur facture d\u2019\u00e9nergie. Mais pour en tirer le meilleur parti, il est essentiel de comparer les offres disponibles et de s\u2019assurer que votre contrat correspond \u00e0 vos besoins r\u00e9els.<\/p>\n\n\n\n<p>N&rsquo;attendez pas pour anticiper cette baisse et optimiser votre budget \u00e9nergie ! Rendez-vous sur le comparateur du m\u00e9diateur national de l\u2019\u00e9nergie pour trouver l\u2019offre la plus avantageuse.<\/p>\n\n\n\n<p><\/p>\n","protected":false},"excerpt":{"rendered":"<p>Le 1er f\u00e9vrier 2025 marque une \u00e9tape importante pour les consommateurs d\u2019\u00e9lectricit\u00e9 en France : une baisse moyenne de 15% des tarifs r\u00e9glement\u00e9s de vente d\u2019\u00e9lectricit\u00e9 (TRVE) TTC. Mais concr\u00e8tement, quel impact cette diminution aura-t-elle sur votre facture, et pourquoi est-il essentiel de comparer les offres d\u2019\u00e9lectricit\u00e9 ? Faison le&hellip;<\/p>\n","protected":false},"author":1,"featured_media":47,"comment_status":"closed","ping_status":"closed","sticky":false,"template":"","format":"standard","meta":{"footnotes":""},"categories":[1,3,4],"tags":[12,11,10],"class_list":["post-44","post","type-post","status-publish","format-standard","has-post-thumbnail","hentry","category-actualites-energie","category-electricite","category-gaz","tag-baissedestarifs","tag-tarifs","tag-tarifs2025"],"_links":{"self":[{"href":"https:\/\/changer-energie.fr\/infos-energie\/wp-json\/wp\/v2\/posts\/44","targetHints":{"allow":["GET"]}}],"collection":[{"href":"https:\/\/changer-energie.fr\/infos-energie\/wp-json\/wp\/v2\/posts"}],"about":[{"href":"https:\/\/changer-energie.fr\/infos-energie\/wp-json\/wp\/v2\/types\/post"}],"author":[{"embeddable":true,"href":"https:\/\/changer-energie.fr\/infos-energie\/wp-json\/wp\/v2\/users\/1"}],"replies":[{"embeddable":true,"href":"https:\/\/changer-energie.fr\/infos-energie\/wp-json\/wp\/v2\/comments?post=44"}],"version-history":[{"count":2,"href":"https:\/\/changer-energie.fr\/infos-energie\/wp-json\/wp\/v2\/posts\/44\/revisions"}],"predecessor-version":[{"id":46,"href":"https:\/\/changer-energie.fr\/infos-energie\/wp-json\/wp\/v2\/posts\/44\/revisions\/46"}],"wp:featuredmedia":[{"embeddable":true,"href":"https:\/\/changer-energie.fr\/infos-energie\/wp-json\/wp\/v2\/media\/47"}],"wp:attachment":[{"href":"https:\/\/changer-energie.fr\/infos-energie\/wp-json\/wp\/v2\/media?parent=44"}],"wp:term":[{"taxonomy":"category","embeddable":true,"href":"https:\/\/changer-energie.fr\/infos-energie\/wp-json\/wp\/v2\/categories?post=44"},{"taxonomy":"post_tag","embeddable":true,"href":"https:\/\/changer-energie.fr\/infos-energie\/wp-json\/wp\/v2\/tags?post=44"}],"curies":[{"name":"wp","href":"https:\/\/api.w.org\/{rel}","templated":true}]}}